{"id":653,"date":"2020-12-14T12:16:35","date_gmt":"2020-12-14T11:16:35","guid":{"rendered":"https:\/\/iesbaran.educacion.navarra.es\/web\/?p=653"},"modified":"2020-12-14T12:16:41","modified_gmt":"2020-12-14T11:16:41","slug":"concurso-postales-navidenas","status":"publish","type":"post","link":"https:\/\/iesbaran.educacion.navarra.es\/web\/blog\/2020\/12\/14\/concurso-postales-navidenas\/","title":{"rendered":"Concurso postales navide\u00f1as"},"content":{"rendered":"\n<p>Ya se han elegido las tres postales navide\u00f1as ganadoras del concurso de este a\u00f1o. Los premiados han sido:<\/p>\n\n\n\n<ul><li>1er premio: <strong>Maite Bazt\u00e1n<\/strong>, ESO 3\u00ba B<\/li><li>2\u00ba premio: <strong>Victoria Radoslanova<\/strong>, ESO 2\u00ba C<\/li><li>3er premio: <strong>Vadim Kalenderov<\/strong>, ESO 1\u00ba A<\/li><\/ul>\n\n\n\n<figure class=\"wp-block-image size-large\"><img loading=\"lazy\" width=\"719\" height=\"1024\" src=\"https:\/\/iesbaran.educacion.navarra.es\/web\/wp-content\/uploads\/2020\/12\/primer-premio-web-950x1353px-719x1024.jpg\" alt=\"\" class=\"wp-image-654\" srcset=\"https:\/\/iesbaran.educacion.navarra.es\/web\/wp-content\/uploads\/2020\/12\/primer-premio-web-950x1353px-719x1024.jpg 719w, https:\/\/iesbaran.educacion.navarra.es\/web\/wp-content\/uploads\/2020\/12\/primer-premio-web-950x1353px-211x300.jpg 211w, https:\/\/iesbaran.educacion.navarra.es\/web\/wp-content\/uploads\/2020\/12\/primer-premio-web-950x1353px-768x1094.jpg 768w, https:\/\/iesbaran.educacion.navarra.es\/web\/wp-content\/uploads\/2020\/12\/primer-premio-web-950x1353px.jpg 950w\" sizes=\"(max-width: 719px) 100vw, 719px\" \/><figcaption>Primer premio: <strong>Maite Bazt\u00e1n<\/strong><\/figcaption><\/figure>\n\n\n\n<hr class=\"wp-block-separator\"\/>\n\n\n\n<figure class=\"wp-block-image size-large\"><img loading=\"lazy\" width=\"1024\" height=\"717\" src=\"https:\/\/iesbaran.educacion.navarra.es\/web\/wp-content\/uploads\/2020\/12\/Segundo-premio-web-1024x717.jpg\" alt=\"\" class=\"wp-image-656\" srcset=\"https:\/\/iesbaran.educacion.navarra.es\/web\/wp-content\/uploads\/2020\/12\/Segundo-premio-web-1024x717.jpg 1024w, https:\/\/iesbaran.educacion.navarra.es\/web\/wp-content\/uploads\/2020\/12\/Segundo-premio-web-300x210.jpg 300w, https:\/\/iesbaran.educacion.navarra.es\/web\/wp-content\/uploads\/2020\/12\/Segundo-premio-web-768x538.jpg 768w, https:\/\/iesbaran.educacion.navarra.es\/web\/wp-content\/uploads\/2020\/12\/Segundo-premio-web.jpg 1248w\" sizes=\"(max-width: 1024px) 100vw, 1024px\" \/><figcaption>Segundo premio, <strong>Victoria Radoslanova<\/strong><\/figcaption><\/figure>\n\n\n\n<figure class=\"wp-block-image size-large\"><img loading=\"lazy\" width=\"1024\" height=\"1024\" src=\"https:\/\/iesbaran.educacion.navarra.es\/web\/wp-content\/uploads\/2020\/12\/Tercer-premio-web-1024x1024.jpg\" alt=\"\" class=\"wp-image-655\" srcset=\"https:\/\/iesbaran.educacion.navarra.es\/web\/wp-content\/uploads\/2020\/12\/Tercer-premio-web-1024x1024.jpg 1024w, https:\/\/iesbaran.educacion.navarra.es\/web\/wp-content\/uploads\/2020\/12\/Tercer-premio-web-300x300.jpg 300w, https:\/\/iesbaran.educacion.navarra.es\/web\/wp-content\/uploads\/2020\/12\/Tercer-premio-web-150x150.jpg 150w, https:\/\/iesbaran.educacion.navarra.es\/web\/wp-content\/uploads\/2020\/12\/Tercer-premio-web-768x768.jpg 768w, https:\/\/iesbaran.educacion.navarra.es\/web\/wp-content\/uploads\/2020\/12\/Tercer-premio-web-1536x1536.jpg 1536w, https:\/\/iesbaran.educacion.navarra.es\/web\/wp-content\/uploads\/2020\/12\/Tercer-premio-web-1600x1600.jpg 1600w, https:\/\/iesbaran.educacion.navarra.es\/web\/wp-content\/uploads\/2020\/12\/Tercer-premio-web-600x600.jpg 600w, https:\/\/iesbaran.educacion.navarra.es\/web\/wp-content\/uploads\/2020\/12\/Tercer-premio-web.jpg 1920w\" sizes=\"(max-width: 1024px) 100vw, 1024px\" \/><figcaption>Tercer premio, <strong>Vadim Kalenderov<\/strong><\/figcaption><\/figure>\n","protected":false},"excerpt":{"rendered":"<p>Ya se han elegido las tres postales navide\u00f1as ganadoras del concurso de este a\u00f1o. Los premiados han sido: 1er premio: Maite Bazt\u00e1n, ESO 3\u00ba B 2\u00ba premio: Victoria Radoslanova, ESO 2\u00ba C 3er premio: Vadim Kalenderov, ESO 1\u00ba A<\/p>\n","protected":false},"author":1,"featured_media":654,"comment_status":"open","ping_status":"open","sticky":false,"template":"","format":"standard","meta":{"_genesis_hide_title":false,"_genesis_hide_breadcrumbs":false,"_genesis_hide_singular_image":false,"_genesis_hide_footer_widgets":false,"_genesis_custom_body_class":"","_genesis_custom_post_class":"","_genesis_layout":""},"categories":[1],"tags":[],"featured_image_src":"https:\/\/iesbaran.educacion.navarra.es\/web\/wp-content\/uploads\/2020\/12\/primer-premio-web-950x1353px-600x400.jpg","featured_image_src_square":"https:\/\/iesbaran.educacion.navarra.es\/web\/wp-content\/uploads\/2020\/12\/primer-premio-web-950x1353px-600x600.jpg","author_info":{"display_name":"Administrador","author_link":"https:\/\/iesbaran.educacion.navarra.es\/web\/blog\/author\/iesbaranwpadmin\/"},"_links":{"self":[{"href":"https:\/\/iesbaran.educacion.navarra.es\/web\/wp-json\/wp\/v2\/posts\/653"}],"collection":[{"href":"https:\/\/iesbaran.educacion.navarra.es\/web\/wp-json\/wp\/v2\/posts"}],"about":[{"href":"https:\/\/iesbaran.educacion.navarra.es\/web\/wp-json\/wp\/v2\/types\/post"}],"author":[{"embeddable":true,"href":"https:\/\/iesbaran.educacion.navarra.es\/web\/wp-json\/wp\/v2\/users\/1"}],"replies":[{"embeddable":true,"href":"https:\/\/iesbaran.educacion.navarra.es\/web\/wp-json\/wp\/v2\/comments?post=653"}],"version-history":[{"count":1,"href":"https:\/\/iesbaran.educacion.navarra.es\/web\/wp-json\/wp\/v2\/posts\/653\/revisions"}],"predecessor-version":[{"id":657,"href":"https:\/\/iesbaran.educacion.navarra.es\/web\/wp-json\/wp\/v2\/posts\/653\/revisions\/657"}],"wp:featuredmedia":[{"embeddable":true,"href":"https:\/\/iesbaran.educacion.navarra.es\/web\/wp-json\/wp\/v2\/media\/654"}],"wp:attachment":[{"href":"https:\/\/iesbaran.educacion.navarra.es\/web\/wp-json\/wp\/v2\/media?parent=653"}],"wp:term":[{"taxonomy":"category","embeddable":true,"href":"https:\/\/iesbaran.educacion.navarra.es\/web\/wp-json\/wp\/v2\/categories?post=653"},{"taxonomy":"post_tag","embeddable":true,"href":"https:\/\/iesbaran.educacion.navarra.es\/web\/wp-json\/wp\/v2\/tags?post=653"}],"curies":[{"name":"wp","href":"https:\/\/api.w.org\/{rel}","templated":true}]}}