{"id":4280,"date":"2026-01-14T12:58:22","date_gmt":"2026-01-14T11:58:22","guid":{"rendered":"https:\/\/iesbaran.educacion.navarra.es\/web\/?p=4280"},"modified":"2026-01-16T10:39:40","modified_gmt":"2026-01-16T09:39:40","slug":"el-miercoles-21-se-presentaran-los-trabajos-de-investigacion-del-alumnado-de-bi-en-la-casa-de-cultura","status":"publish","type":"post","link":"https:\/\/iesbaran.educacion.navarra.es\/web\/blog\/2026\/01\/14\/el-miercoles-21-se-presentaran-los-trabajos-de-investigacion-del-alumnado-de-bi-en-la-casa-de-cultura\/","title":{"rendered":"El mi\u00e9rcoles 21 se presentar\u00e1n los trabajos de investigaci\u00f3n del alumnado de Bi+ en la Casa de Cultura"},"content":{"rendered":"\n<h3>\u00a1Nuestro alumnado de la IV Promoci\u00f3n del Bachillerato de investigaci\u00f3n presenta sus trabajos! <\/h3>\n\n\n\n<div class=\"wp-block-image\"><figure class=\"aligncenter size-large is-resized\"><img loading=\"lazy\" src=\"https:\/\/iesbaran.educacion.navarra.es\/web\/wp-content\/uploads\/2026\/01\/PROGRAMA-Exposicion-trabajos-de-investigacion_IES-BARANAIN-Promo-IV_1-724x1024.jpg\" alt=\"\" class=\"wp-image-4279\" width=\"334\" height=\"480\"\/><\/figure><\/div>\n\n\n\n<p>Ser\u00e1 el mi\u00e9rcoles 21 de enero en la Casa de Cultura de Bara\u00f1\u00e1in. \u00a1\u00c1nimo para esta recta final y felicidades por vuestro esfuerzo! Hab\u00e9is logrado culminar con \u00e9xito vuestras investigaciones.<\/p>\n\n\n\n<p>Programa:<\/p>\n\n\n\n<figure class=\"wp-block-image size-large\"><img loading=\"lazy\" width=\"724\" height=\"1024\" src=\"https:\/\/iesbaran.educacion.navarra.es\/web\/wp-content\/uploads\/2026\/01\/PROGRAMA-Exposicion-trabajos-de-investigacion_IES-BARANAIN-Promo-IV_2-724x1024.jpg\" alt=\"\" class=\"wp-image-4278\" srcset=\"https:\/\/iesbaran.educacion.navarra.es\/web\/wp-content\/uploads\/2026\/01\/PROGRAMA-Exposicion-trabajos-de-investigacion_IES-BARANAIN-Promo-IV_2-724x1024.jpg 724w, https:\/\/iesbaran.educacion.navarra.es\/web\/wp-content\/uploads\/2026\/01\/PROGRAMA-Exposicion-trabajos-de-investigacion_IES-BARANAIN-Promo-IV_2-212x300.jpg 212w, https:\/\/iesbaran.educacion.navarra.es\/web\/wp-content\/uploads\/2026\/01\/PROGRAMA-Exposicion-trabajos-de-investigacion_IES-BARANAIN-Promo-IV_2-768x1086.jpg 768w, https:\/\/iesbaran.educacion.navarra.es\/web\/wp-content\/uploads\/2026\/01\/PROGRAMA-Exposicion-trabajos-de-investigacion_IES-BARANAIN-Promo-IV_2-1086x1536.jpg 1086w, https:\/\/iesbaran.educacion.navarra.es\/web\/wp-content\/uploads\/2026\/01\/PROGRAMA-Exposicion-trabajos-de-investigacion_IES-BARANAIN-Promo-IV_2-50x71.jpg 50w, https:\/\/iesbaran.educacion.navarra.es\/web\/wp-content\/uploads\/2026\/01\/PROGRAMA-Exposicion-trabajos-de-investigacion_IES-BARANAIN-Promo-IV_2.jpg 1414w\" sizes=\"(max-width: 724px) 100vw, 724px\" \/><\/figure>\n\n\n\n<div class=\"wp-container-1 wp-block-buttons\">\n<div class=\"wp-block-button\"><a class=\"wp-block-button__link\" href=\"https:\/\/www.baranain.es\/noticias\/cultura-educacion-defensa-oral-de-trabajos-de-investigacion-en-casa-de-cultura-2\/\" target=\"_blank\" rel=\"noreferrer noopener\">publicaci\u00f3n web ayuntamiento<\/a><\/div>\n<\/div>\n","protected":false},"excerpt":{"rendered":"<p>\u00a1Nuestro alumnado de la IV Promoci\u00f3n del Bachillerato de investigaci\u00f3n presenta sus trabajos! Ser\u00e1 el mi\u00e9rcoles 21 de enero en la Casa de Cultura de Bara\u00f1\u00e1in. \u00a1\u00c1nimo para esta recta final y felicidades por vuestro esfuerzo! Hab\u00e9is logrado culminar con \u00e9xito vuestras investigaciones. Programa:<\/p>\n","protected":false},"author":1,"featured_media":4279,"comment_status":"open","ping_status":"open","sticky":false,"template":"","format":"standard","meta":{"_genesis_hide_title":false,"_genesis_hide_breadcrumbs":false,"_genesis_hide_singular_image":true,"_genesis_hide_footer_widgets":false,"_genesis_custom_body_class":"","_genesis_custom_post_class":"","_genesis_layout":""},"categories":[1],"tags":[],"featured_image_src":"https:\/\/iesbaran.educacion.navarra.es\/web\/wp-content\/uploads\/2026\/01\/PROGRAMA-Exposicion-trabajos-de-investigacion_IES-BARANAIN-Promo-IV_1-600x400.jpg","featured_image_src_square":"https:\/\/iesbaran.educacion.navarra.es\/web\/wp-content\/uploads\/2026\/01\/PROGRAMA-Exposicion-trabajos-de-investigacion_IES-BARANAIN-Promo-IV_1-600x600.jpg","author_info":{"display_name":"Administrador","author_link":"https:\/\/iesbaran.educacion.navarra.es\/web\/blog\/author\/iesbaranwpadmin\/"},"_links":{"self":[{"href":"https:\/\/iesbaran.educacion.navarra.es\/web\/wp-json\/wp\/v2\/posts\/4280"}],"collection":[{"href":"https:\/\/iesbaran.educacion.navarra.es\/web\/wp-json\/wp\/v2\/posts"}],"about":[{"href":"https:\/\/iesbaran.educacion.navarra.es\/web\/wp-json\/wp\/v2\/types\/post"}],"author":[{"embeddable":true,"href":"https:\/\/iesbaran.educacion.navarra.es\/web\/wp-json\/wp\/v2\/users\/1"}],"replies":[{"embeddable":true,"href":"https:\/\/iesbaran.educacion.navarra.es\/web\/wp-json\/wp\/v2\/comments?post=4280"}],"version-history":[{"count":2,"href":"https:\/\/iesbaran.educacion.navarra.es\/web\/wp-json\/wp\/v2\/posts\/4280\/revisions"}],"predecessor-version":[{"id":4283,"href":"https:\/\/iesbaran.educacion.navarra.es\/web\/wp-json\/wp\/v2\/posts\/4280\/revisions\/4283"}],"wp:featuredmedia":[{"embeddable":true,"href":"https:\/\/iesbaran.educacion.navarra.es\/web\/wp-json\/wp\/v2\/media\/4279"}],"wp:attachment":[{"href":"https:\/\/iesbaran.educacion.navarra.es\/web\/wp-json\/wp\/v2\/media?parent=4280"}],"wp:term":[{"taxonomy":"category","embeddable":true,"href":"https:\/\/iesbaran.educacion.navarra.es\/web\/wp-json\/wp\/v2\/categories?post=4280"},{"taxonomy":"post_tag","embeddable":true,"href":"https:\/\/iesbaran.educacion.navarra.es\/web\/wp-json\/wp\/v2\/tags?post=4280"}],"curies":[{"name":"wp","href":"https:\/\/api.w.org\/{rel}","templated":true}]}}