{"id":4267,"date":"2026-01-07T18:50:36","date_gmt":"2026-01-07T17:50:36","guid":{"rendered":"https:\/\/iesbaran.educacion.navarra.es\/web\/?p=4267"},"modified":"2026-01-07T18:50:37","modified_gmt":"2026-01-07T17:50:37","slug":"nuestro-instituto-se-une-al-25n-con-un-acto-lleno-de-reflexion-y-conciencia%ef%bf%bc","status":"publish","type":"post","link":"https:\/\/iesbaran.educacion.navarra.es\/web\/blog\/2026\/01\/07\/nuestro-instituto-se-une-al-25n-con-un-acto-lleno-de-reflexion-y-conciencia%ef%bf%bc\/","title":{"rendered":"NUESTRO INSTITUTO SE UNE AL 25N CON UN ACTO LLENO DE REFLEXI\u00d3N Y CONCIENCIA\ufffc"},"content":{"rendered":"\n<p>El pasado 25 de noviembre, el Instituto de Bara\u00f1\u00e1in celebr\u00f3 la efem\u00e9ride del 25N, el D\u00eda Internacional para la Eliminaci\u00f3n de la Violencia contra las Mujeres. El alumnado y el profesorado del centro se reunieron en el front\u00f3n para asistir a la lectura del manifiesto preparado para la ocasi\u00f3n, a cargo de estudiantes de Bachillerato.<\/p>\n\n\n\n<div class=\"wp-block-image\"><figure class=\"aligncenter size-large is-resized\"><img loading=\"lazy\" src=\"https:\/\/iesbaran.educacion.navarra.es\/web\/wp-content\/uploads\/2026\/01\/image-1-1024x768.jpeg\" alt=\"\" class=\"wp-image-4269\" width=\"459\" height=\"349\"\/><\/figure><\/div>\n\n\n\n<p>Durante el acto, se llev\u00f3 a cabo una emotiva <em>performance<\/em> en la que se pintaron con spray morado las siluetas de las 79 mujeres asesinadas hasta la fecha en lo que va de a\u00f1o.<\/p>\n\n\n\n<div class=\"wp-block-image\"><figure class=\"aligncenter size-large is-resized\"><img loading=\"lazy\" src=\"https:\/\/iesbaran.educacion.navarra.es\/web\/wp-content\/uploads\/2026\/01\/image-5-1024x768.jpeg\" alt=\"\" class=\"wp-image-4273\" width=\"543\" height=\"411\"\/><\/figure><\/div>\n\n\n\n<div class=\"wp-block-image\"><figure class=\"aligncenter size-large is-resized\"><img loading=\"lazy\" src=\"https:\/\/iesbaran.educacion.navarra.es\/web\/wp-content\/uploads\/2026\/01\/image-3-768x1024.jpeg\" alt=\"\" class=\"wp-image-4271\" width=\"353\" height=\"477\"\/><\/figure><\/div>\n\n\n\n<p>Tras la lectura del manifiesto, se guard\u00f3 un minuto de silencio en memoria de las v\u00edctimas. Para finalizar, representantes de cada curso compartieron frases elaboradas en clase sobre c\u00f3mo construir relaciones sanas y respetuosas.<\/p>\n\n\n\n<div class=\"wp-block-image\"><figure class=\"aligncenter size-large is-resized\"><img loading=\"lazy\" src=\"https:\/\/iesbaran.educacion.navarra.es\/web\/wp-content\/uploads\/2026\/01\/image-2-1024x768.jpeg\" alt=\"\" class=\"wp-image-4270\" width=\"495\" height=\"375\"\/><\/figure><\/div>\n\n\n\n<div class=\"wp-block-image\"><figure class=\"aligncenter size-large is-resized\"><img loading=\"lazy\" src=\"https:\/\/iesbaran.educacion.navarra.es\/web\/wp-content\/uploads\/2026\/01\/image-4-769x1024.jpeg\" alt=\"\" class=\"wp-image-4272\" width=\"389\" height=\"523\"\/><\/figure><\/div>\n\n\n\n<p>Con este acto quisimos recordar que la igualdad se construye cada d\u00eda y que no podemos permitir que ninguna vida sea silenciada.&nbsp;<\/p>\n\n\n\n<figure class=\"wp-block-image size-large\"><img loading=\"lazy\" width=\"1024\" height=\"177\" src=\"https:\/\/iesbaran.educacion.navarra.es\/web\/wp-content\/uploads\/2026\/01\/image-1024x177.jpeg\" alt=\"\" class=\"wp-image-4268\" srcset=\"https:\/\/iesbaran.educacion.navarra.es\/web\/wp-content\/uploads\/2026\/01\/image-1024x177.jpeg 1024w, https:\/\/iesbaran.educacion.navarra.es\/web\/wp-content\/uploads\/2026\/01\/image-300x52.jpeg 300w, https:\/\/iesbaran.educacion.navarra.es\/web\/wp-content\/uploads\/2026\/01\/image-768x133.jpeg 768w, https:\/\/iesbaran.educacion.navarra.es\/web\/wp-content\/uploads\/2026\/01\/image-1536x266.jpeg 1536w, https:\/\/iesbaran.educacion.navarra.es\/web\/wp-content\/uploads\/2026\/01\/image-50x9.jpeg 50w, https:\/\/iesbaran.educacion.navarra.es\/web\/wp-content\/uploads\/2026\/01\/image.jpeg 1600w\" sizes=\"(max-width: 1024px) 100vw, 1024px\" \/><\/figure>\n\n\n\n<p><a href=\"https:\/\/www.instagram.com\/reel\/DSUcY69jJo2\/?igsh=ZGtoODcyaXdrYjgx\" target=\"_blank\" rel=\"noreferrer noopener\">Enlace al v\u00eddeo<\/a><\/p>\n","protected":false},"excerpt":{"rendered":"<p>El pasado 25 de noviembre, el Instituto de Bara\u00f1\u00e1in celebr\u00f3 la efem\u00e9ride del 25N, el D\u00eda Internacional para la Eliminaci\u00f3n de la Violencia contra las Mujeres. El alumnado y el profesorado del centro se reunieron en el front\u00f3n para asistir a la lectura del manifiesto preparado para la ocasi\u00f3n, a cargo de estudiantes de Bachillerato. [&hellip;]<\/p>\n","protected":false},"author":1,"featured_media":4271,"comment_status":"open","ping_status":"open","sticky":false,"template":"","format":"standard","meta":{"_genesis_hide_title":false,"_genesis_hide_breadcrumbs":false,"_genesis_hide_singular_image":true,"_genesis_hide_footer_widgets":false,"_genesis_custom_body_class":"","_genesis_custom_post_class":"","_genesis_layout":""},"categories":[1],"tags":[],"featured_image_src":"https:\/\/iesbaran.educacion.navarra.es\/web\/wp-content\/uploads\/2026\/01\/image-3-600x400.jpeg","featured_image_src_square":"https:\/\/iesbaran.educacion.navarra.es\/web\/wp-content\/uploads\/2026\/01\/image-3-600x600.jpeg","author_info":{"display_name":"Administrador","author_link":"https:\/\/iesbaran.educacion.navarra.es\/web\/blog\/author\/iesbaranwpadmin\/"},"_links":{"self":[{"href":"https:\/\/iesbaran.educacion.navarra.es\/web\/wp-json\/wp\/v2\/posts\/4267"}],"collection":[{"href":"https:\/\/iesbaran.educacion.navarra.es\/web\/wp-json\/wp\/v2\/posts"}],"about":[{"href":"https:\/\/iesbaran.educacion.navarra.es\/web\/wp-json\/wp\/v2\/types\/post"}],"author":[{"embeddable":true,"href":"https:\/\/iesbaran.educacion.navarra.es\/web\/wp-json\/wp\/v2\/users\/1"}],"replies":[{"embeddable":true,"href":"https:\/\/iesbaran.educacion.navarra.es\/web\/wp-json\/wp\/v2\/comments?post=4267"}],"version-history":[{"count":2,"href":"https:\/\/iesbaran.educacion.navarra.es\/web\/wp-json\/wp\/v2\/posts\/4267\/revisions"}],"predecessor-version":[{"id":4275,"href":"https:\/\/iesbaran.educacion.navarra.es\/web\/wp-json\/wp\/v2\/posts\/4267\/revisions\/4275"}],"wp:featuredmedia":[{"embeddable":true,"href":"https:\/\/iesbaran.educacion.navarra.es\/web\/wp-json\/wp\/v2\/media\/4271"}],"wp:attachment":[{"href":"https:\/\/iesbaran.educacion.navarra.es\/web\/wp-json\/wp\/v2\/media?parent=4267"}],"wp:term":[{"taxonomy":"category","embeddable":true,"href":"https:\/\/iesbaran.educacion.navarra.es\/web\/wp-json\/wp\/v2\/categories?post=4267"},{"taxonomy":"post_tag","embeddable":true,"href":"https:\/\/iesbaran.educacion.navarra.es\/web\/wp-json\/wp\/v2\/tags?post=4267"}],"curies":[{"name":"wp","href":"https:\/\/api.w.org\/{rel}","templated":true}]}}