{"id":4251,"date":"2025-11-20T08:45:48","date_gmt":"2025-11-20T07:45:48","guid":{"rendered":"https:\/\/iesbaran.educacion.navarra.es\/web\/?p=4251"},"modified":"2025-11-20T08:45:49","modified_gmt":"2025-11-20T07:45:49","slug":"el-nuevo-numero-de-la-revista-el-mirador-ya-circula-por-las-aulas","status":"publish","type":"post","link":"https:\/\/iesbaran.educacion.navarra.es\/web\/blog\/2025\/11\/20\/el-nuevo-numero-de-la-revista-el-mirador-ya-circula-por-las-aulas\/","title":{"rendered":"El nuevo n\u00famero de la revista El Mirador ya circula por las aulas"},"content":{"rendered":"\n<h3>Ya est\u00e1 aqu\u00ed el n\u00ba 45 de la revista del IES Bara\u00f1\u00e1in<\/h3>\n\n\n\n<div class=\"wp-block-image is-style-book-style\"><figure class=\"aligncenter size-full is-resized\"><img loading=\"lazy\" src=\"https:\/\/iesbaran.educacion.navarra.es\/web\/wp-content\/uploads\/2025\/11\/Captura-de-pantalla-2025-11-20-083441.png\" alt=\"\" class=\"wp-image-4250\" width=\"295\" height=\"410\"\/><figcaption>N\u00ba 45 de El Mirador<\/figcaption><\/figure><\/div>\n\n\n\n<p>Las aulas de nuestro centro educativo se llenan de novedades esta semana con la llegada del\u00a0<strong>nuevo n\u00famero de la revista escolar<\/strong>. La publicaci\u00f3n, escrita \u00edntegramente por el alumnado, ha comenzado a distribuirse en formato papel por las diferentes clases para disfrute de toda la comunidad educativa.<\/p>\n\n\n\n<p>Este nuevo ejemplar ofrece una ventana al talento, la creatividad y las inquietudes de nuestros estudiantes, abordando temas de actualidad, cultura, deportes y la vida diaria en el instituto.<\/p>\n\n\n\n<p>Para aquellos que prefieran la lectura digital o quieran llevar la revista consigo, la versi\u00f3n web ya est\u00e1 disponible. Puedes acceder a ella a trav\u00e9s del siguiente enlace:<\/p>\n\n\n\n<div class=\"wp-container-1 wp-block-buttons\">\n<div class=\"wp-block-button\"><a class=\"wp-block-button__link\" href=\"https:\/\/drive.google.com\/file\/d\/1kidFsmS7_osuEZY6EqGtgrfmKTxRRyPz\/view?usp=sharing\" target=\"_blank\" rel=\"noreferrer noopener\">revista en pdf<\/a><\/div>\n<\/div>\n\n\n\n<div style=\"height:29px\" aria-hidden=\"true\" class=\"wp-block-spacer\"><\/div>\n\n\n\n<p>\u00a1Invitamos a todos a sumergirse en sus p\u00e1ginas y a disfrutar del excelente trabajo de nuestros j\u00f3venes periodistas y escritores!<\/p>\n","protected":false},"excerpt":{"rendered":"<p>Ya est\u00e1 aqu\u00ed el n\u00ba 45 de la revista del IES Bara\u00f1\u00e1in Las aulas de nuestro centro educativo se llenan de novedades esta semana con la llegada del\u00a0nuevo n\u00famero de la revista escolar. La publicaci\u00f3n, escrita \u00edntegramente por el alumnado, ha comenzado a distribuirse en formato papel por las diferentes clases para disfrute de toda [&hellip;]<\/p>\n","protected":false},"author":1,"featured_media":4250,"comment_status":"open","ping_status":"open","sticky":false,"template":"","format":"standard","meta":{"_genesis_hide_title":false,"_genesis_hide_breadcrumbs":false,"_genesis_hide_singular_image":true,"_genesis_hide_footer_widgets":false,"_genesis_custom_body_class":"","_genesis_custom_post_class":"","_genesis_layout":""},"categories":[1],"tags":[],"featured_image_src":"https:\/\/iesbaran.educacion.navarra.es\/web\/wp-content\/uploads\/2025\/11\/Captura-de-pantalla-2025-11-20-083441-600x400.png","featured_image_src_square":"https:\/\/iesbaran.educacion.navarra.es\/web\/wp-content\/uploads\/2025\/11\/Captura-de-pantalla-2025-11-20-083441-600x600.png","author_info":{"display_name":"Administrador","author_link":"https:\/\/iesbaran.educacion.navarra.es\/web\/blog\/author\/iesbaranwpadmin\/"},"_links":{"self":[{"href":"https:\/\/iesbaran.educacion.navarra.es\/web\/wp-json\/wp\/v2\/posts\/4251"}],"collection":[{"href":"https:\/\/iesbaran.educacion.navarra.es\/web\/wp-json\/wp\/v2\/posts"}],"about":[{"href":"https:\/\/iesbaran.educacion.navarra.es\/web\/wp-json\/wp\/v2\/types\/post"}],"author":[{"embeddable":true,"href":"https:\/\/iesbaran.educacion.navarra.es\/web\/wp-json\/wp\/v2\/users\/1"}],"replies":[{"embeddable":true,"href":"https:\/\/iesbaran.educacion.navarra.es\/web\/wp-json\/wp\/v2\/comments?post=4251"}],"version-history":[{"count":2,"href":"https:\/\/iesbaran.educacion.navarra.es\/web\/wp-json\/wp\/v2\/posts\/4251\/revisions"}],"predecessor-version":[{"id":4253,"href":"https:\/\/iesbaran.educacion.navarra.es\/web\/wp-json\/wp\/v2\/posts\/4251\/revisions\/4253"}],"wp:featuredmedia":[{"embeddable":true,"href":"https:\/\/iesbaran.educacion.navarra.es\/web\/wp-json\/wp\/v2\/media\/4250"}],"wp:attachment":[{"href":"https:\/\/iesbaran.educacion.navarra.es\/web\/wp-json\/wp\/v2\/media?parent=4251"}],"wp:term":[{"taxonomy":"category","embeddable":true,"href":"https:\/\/iesbaran.educacion.navarra.es\/web\/wp-json\/wp\/v2\/categories?post=4251"},{"taxonomy":"post_tag","embeddable":true,"href":"https:\/\/iesbaran.educacion.navarra.es\/web\/wp-json\/wp\/v2\/tags?post=4251"}],"curies":[{"name":"wp","href":"https:\/\/api.w.org\/{rel}","templated":true}]}}