{"id":4245,"date":"2025-11-11T19:25:12","date_gmt":"2025-11-11T18:25:12","guid":{"rendered":"https:\/\/iesbaran.educacion.navarra.es\/web\/?p=4245"},"modified":"2025-11-11T19:25:12","modified_gmt":"2025-11-11T18:25:12","slug":"semana-del-clima-en-el-ies-baranain","status":"publish","type":"post","link":"https:\/\/iesbaran.educacion.navarra.es\/web\/blog\/2025\/11\/11\/semana-del-clima-en-el-ies-baranain\/","title":{"rendered":"Semana del Clima en el IES Bara\u00f1\u00e1in"},"content":{"rendered":"\n<p>Con ocasi\u00f3n del D\u00eda Internacional contra el Cambio Clim\u00e1tico, se han desarrollado varias actividades de reflexi\u00f3n y concienciaci\u00f3n acerca de esta realidad:<\/p>\n\n\n\n<div class=\"wp-block-image\"><figure class=\"aligncenter size-full\"><img loading=\"lazy\" width=\"545\" height=\"101\" src=\"https:\/\/iesbaran.educacion.navarra.es\/web\/wp-content\/uploads\/2025\/11\/Captura-de-pantalla-2025-11-11-192427.png\" alt=\"\" class=\"wp-image-4247\" srcset=\"https:\/\/iesbaran.educacion.navarra.es\/web\/wp-content\/uploads\/2025\/11\/Captura-de-pantalla-2025-11-11-192427.png 545w, https:\/\/iesbaran.educacion.navarra.es\/web\/wp-content\/uploads\/2025\/11\/Captura-de-pantalla-2025-11-11-192427-300x56.png 300w, https:\/\/iesbaran.educacion.navarra.es\/web\/wp-content\/uploads\/2025\/11\/Captura-de-pantalla-2025-11-11-192427-50x9.png 50w\" sizes=\"(max-width: 545px) 100vw, 545px\" \/><\/figure><\/div>\n\n\n\n<ul><li>El alumnado de ESO ha trabajado en torno a la exposici\u00f3n <a href=\"https:\/\/actuamosporelclima.org\/crisis-de-derechos\/\" target=\"_blank\" rel=\"noreferrer noopener\"><em>Crisis clim\u00e1tica, crisis de derechos<\/em><\/a>.<\/li><li>El alumnado de Bachillerato profundiz\u00f3 en las estrategias de adaptaci\u00f3n al cambio clim\u00e1tico emprendidas en Navarra a trav\u00e9s de la exposici\u00f3n <a href=\"https:\/\/lifenadapta.navarra.es\/es\/exposicion-life-nadapta\" target=\"_blank\" rel=\"noreferrer noopener\"><em>Navarra y el cambio clim\u00e1tico<\/em><\/a> y recibi\u00f3 una charla al respecto de la mano de Miguel \u00c1ngel Gonz\u00e1lez, t\u00e9cnico del proyecto LIFE-IP NAdapta-CC.&nbsp;&nbsp;<\/li><li>El grupo de ecodelegadas visitaron el Museo de Educaci\u00f3n Ambiental y realizaron la actividad \u201c<em>Break out <\/em>Cambio clim\u00e1tico\u201d, en la que descifrando c\u00f3digos y enigmas reflexionaron sobre el cambio clim\u00e1tico y sus posibles soluciones.<\/li><\/ul>\n\n\n\n<p>\u00a1\u00a1Por una nueva cultura ambiental y clim\u00e1tica!! Es posible, es necesaria, es ahora.<\/p>\n\n\n\n<div class=\"wp-container-1 wp-block-buttons\">\n<div class=\"wp-block-button\"><a class=\"wp-block-button__link\" href=\"https:\/\/lifenadapta.navarra.es\/es\/-\/alumnado-de-bachillerato-del-ies-baranain-se-sensibiliza-sobre-el-cambio-climatico?redirect=%2Fes%2Fnoticias\">NOTICIA<\/a><\/div>\n<\/div>\n","protected":false},"excerpt":{"rendered":"<p>Con ocasi\u00f3n del D\u00eda Internacional contra el Cambio Clim\u00e1tico, se han desarrollado varias actividades de reflexi\u00f3n y concienciaci\u00f3n acerca de esta realidad: El alumnado de ESO ha trabajado en torno a la exposici\u00f3n Crisis clim\u00e1tica, crisis de derechos. El alumnado de Bachillerato profundiz\u00f3 en las estrategias de adaptaci\u00f3n al cambio clim\u00e1tico emprendidas en Navarra a [&hellip;]<\/p>\n","protected":false},"author":1,"featured_media":4246,"comment_status":"open","ping_status":"open","sticky":false,"template":"","format":"standard","meta":{"_genesis_hide_title":false,"_genesis_hide_breadcrumbs":false,"_genesis_hide_singular_image":true,"_genesis_hide_footer_widgets":false,"_genesis_custom_body_class":"","_genesis_custom_post_class":"","_genesis_layout":""},"categories":[1],"tags":[98,5],"featured_image_src":"https:\/\/iesbaran.educacion.navarra.es\/web\/wp-content\/uploads\/2025\/11\/Captura-de-pantalla-2025-11-11-192224-550x400.png","featured_image_src_square":"https:\/\/iesbaran.educacion.navarra.es\/web\/wp-content\/uploads\/2025\/11\/Captura-de-pantalla-2025-11-11-192224-550x600.png","author_info":{"display_name":"Administrador","author_link":"https:\/\/iesbaran.educacion.navarra.es\/web\/blog\/author\/iesbaranwpadmin\/"},"_links":{"self":[{"href":"https:\/\/iesbaran.educacion.navarra.es\/web\/wp-json\/wp\/v2\/posts\/4245"}],"collection":[{"href":"https:\/\/iesbaran.educacion.navarra.es\/web\/wp-json\/wp\/v2\/posts"}],"about":[{"href":"https:\/\/iesbaran.educacion.navarra.es\/web\/wp-json\/wp\/v2\/types\/post"}],"author":[{"embeddable":true,"href":"https:\/\/iesbaran.educacion.navarra.es\/web\/wp-json\/wp\/v2\/users\/1"}],"replies":[{"embeddable":true,"href":"https:\/\/iesbaran.educacion.navarra.es\/web\/wp-json\/wp\/v2\/comments?post=4245"}],"version-history":[{"count":1,"href":"https:\/\/iesbaran.educacion.navarra.es\/web\/wp-json\/wp\/v2\/posts\/4245\/revisions"}],"predecessor-version":[{"id":4248,"href":"https:\/\/iesbaran.educacion.navarra.es\/web\/wp-json\/wp\/v2\/posts\/4245\/revisions\/4248"}],"wp:featuredmedia":[{"embeddable":true,"href":"https:\/\/iesbaran.educacion.navarra.es\/web\/wp-json\/wp\/v2\/media\/4246"}],"wp:attachment":[{"href":"https:\/\/iesbaran.educacion.navarra.es\/web\/wp-json\/wp\/v2\/media?parent=4245"}],"wp:term":[{"taxonomy":"category","embeddable":true,"href":"https:\/\/iesbaran.educacion.navarra.es\/web\/wp-json\/wp\/v2\/categories?post=4245"},{"taxonomy":"post_tag","embeddable":true,"href":"https:\/\/iesbaran.educacion.navarra.es\/web\/wp-json\/wp\/v2\/tags?post=4245"}],"curies":[{"name":"wp","href":"https:\/\/api.w.org\/{rel}","templated":true}]}}