{"id":4211,"date":"2025-09-26T18:56:23","date_gmt":"2025-09-26T16:56:23","guid":{"rendered":"https:\/\/iesbaran.educacion.navarra.es\/web\/?p=4211"},"modified":"2025-09-26T18:56:23","modified_gmt":"2025-09-26T16:56:23","slug":"charla-para-el-alumnado-de-bachillerato-proyecto-revesagri-plantas-para-curar-plantas","status":"publish","type":"post","link":"https:\/\/iesbaran.educacion.navarra.es\/web\/blog\/2025\/09\/26\/charla-para-el-alumnado-de-bachillerato-proyecto-revesagri-plantas-para-curar-plantas\/","title":{"rendered":"Charla para el alumnado de Bachillerato.\u00a0Proyecto REVESAGRI: plantas\u00a0para curar plantas"},"content":{"rendered":"\n<figure class=\"wp-block-image size-large\"><img loading=\"lazy\" width=\"1024\" height=\"768\" src=\"https:\/\/iesbaran.educacion.navarra.es\/web\/wp-content\/uploads\/2025\/09\/Proyecto-Revesagri-1024x768.jpg\" alt=\"\" class=\"wp-image-4210\" srcset=\"https:\/\/iesbaran.educacion.navarra.es\/web\/wp-content\/uploads\/2025\/09\/Proyecto-Revesagri-1024x768.jpg 1024w, https:\/\/iesbaran.educacion.navarra.es\/web\/wp-content\/uploads\/2025\/09\/Proyecto-Revesagri-300x225.jpg 300w, https:\/\/iesbaran.educacion.navarra.es\/web\/wp-content\/uploads\/2025\/09\/Proyecto-Revesagri-768x576.jpg 768w, https:\/\/iesbaran.educacion.navarra.es\/web\/wp-content\/uploads\/2025\/09\/Proyecto-Revesagri-50x38.jpg 50w, https:\/\/iesbaran.educacion.navarra.es\/web\/wp-content\/uploads\/2025\/09\/Proyecto-Revesagri.jpg 1080w\" sizes=\"(max-width: 1024px) 100vw, 1024px\" \/><\/figure>\n\n\n\n<p><\/p>\n\n\n\n<p>La Catedr\u00e1tica de Fisiolog\u00eda Vegetal Nieves Goicoechea,\u00a0responsable del\u00a0Proyecto REVESAGRI, del Instituto BIOMA (Universidad de Navarra)\u00a0visit\u00f3 esta semana a nuestro alumnado de\u00a0Biolog\u00eda, Geolog\u00eda y Ciencias Ambientales. En su charla,\u00a0explic\u00f3 a los estudiantes c\u00f3mo se pueden revalorizar residuos vegetales dom\u00e9sticos como fuente de principios activos biol\u00f3gicos para el tratamiento de pat\u00f3genos en el \u00e1mbito de la salud humana y la salud vegetal. Adem\u00e1s, se trataron otros aspectos relacionados con la sostenibilidad y la\u00a0Econom\u00eda circular.\u00a0\u00a1Todo un lujo recibirla\u00a0y\u00a0muy interesante!\u00a0<\/p>\n","protected":false},"excerpt":{"rendered":"<p>La Catedr\u00e1tica de Fisiolog\u00eda Vegetal Nieves Goicoechea,\u00a0responsable del\u00a0Proyecto REVESAGRI, del Instituto BIOMA (Universidad de Navarra)\u00a0visit\u00f3 esta semana a nuestro alumnado de\u00a0Biolog\u00eda, Geolog\u00eda y Ciencias Ambientales. En su charla,\u00a0explic\u00f3 a los estudiantes c\u00f3mo se pueden revalorizar residuos vegetales dom\u00e9sticos como fuente de principios activos biol\u00f3gicos para el tratamiento de pat\u00f3genos en el \u00e1mbito de la salud [&hellip;]<\/p>\n","protected":false},"author":1,"featured_media":4212,"comment_status":"open","ping_status":"open","sticky":false,"template":"","format":"standard","meta":{"_genesis_hide_title":false,"_genesis_hide_breadcrumbs":false,"_genesis_hide_singular_image":true,"_genesis_hide_footer_widgets":false,"_genesis_custom_body_class":"","_genesis_custom_post_class":"","_genesis_layout":""},"categories":[1],"tags":[13,92,5,91,90],"featured_image_src":"https:\/\/iesbaran.educacion.navarra.es\/web\/wp-content\/uploads\/2025\/09\/Proyecto-Revesagri-v-600x400.jpg","featured_image_src_square":"https:\/\/iesbaran.educacion.navarra.es\/web\/wp-content\/uploads\/2025\/09\/Proyecto-Revesagri-v-600x600.jpg","author_info":{"display_name":"Administrador","author_link":"https:\/\/iesbaran.educacion.navarra.es\/web\/blog\/author\/iesbaranwpadmin\/"},"_links":{"self":[{"href":"https:\/\/iesbaran.educacion.navarra.es\/web\/wp-json\/wp\/v2\/posts\/4211"}],"collection":[{"href":"https:\/\/iesbaran.educacion.navarra.es\/web\/wp-json\/wp\/v2\/posts"}],"about":[{"href":"https:\/\/iesbaran.educacion.navarra.es\/web\/wp-json\/wp\/v2\/types\/post"}],"author":[{"embeddable":true,"href":"https:\/\/iesbaran.educacion.navarra.es\/web\/wp-json\/wp\/v2\/users\/1"}],"replies":[{"embeddable":true,"href":"https:\/\/iesbaran.educacion.navarra.es\/web\/wp-json\/wp\/v2\/comments?post=4211"}],"version-history":[{"count":1,"href":"https:\/\/iesbaran.educacion.navarra.es\/web\/wp-json\/wp\/v2\/posts\/4211\/revisions"}],"predecessor-version":[{"id":4213,"href":"https:\/\/iesbaran.educacion.navarra.es\/web\/wp-json\/wp\/v2\/posts\/4211\/revisions\/4213"}],"wp:featuredmedia":[{"embeddable":true,"href":"https:\/\/iesbaran.educacion.navarra.es\/web\/wp-json\/wp\/v2\/media\/4212"}],"wp:attachment":[{"href":"https:\/\/iesbaran.educacion.navarra.es\/web\/wp-json\/wp\/v2\/media?parent=4211"}],"wp:term":[{"taxonomy":"category","embeddable":true,"href":"https:\/\/iesbaran.educacion.navarra.es\/web\/wp-json\/wp\/v2\/categories?post=4211"},{"taxonomy":"post_tag","embeddable":true,"href":"https:\/\/iesbaran.educacion.navarra.es\/web\/wp-json\/wp\/v2\/tags?post=4211"}],"curies":[{"name":"wp","href":"https:\/\/api.w.org\/{rel}","templated":true}]}}