{"id":3917,"date":"2025-05-02T20:51:38","date_gmt":"2025-05-02T18:51:38","guid":{"rendered":"https:\/\/iesbaran.educacion.navarra.es\/web\/?p=3917"},"modified":"2025-05-30T10:42:52","modified_gmt":"2025-05-30T08:42:52","slug":"ya-a-la-venta-las-entradas-para-el-nuevo-musical-tras-el-telon","status":"publish","type":"post","link":"https:\/\/iesbaran.educacion.navarra.es\/web\/blog\/2025\/05\/02\/ya-a-la-venta-las-entradas-para-el-nuevo-musical-tras-el-telon\/","title":{"rendered":"Ya a la venta las entradas para el nuevo musical \u00abTras el tel\u00f3n\u00bb"},"content":{"rendered":"\n<p>Ya est\u00e1n a la venta las entradas para el nuevo musical del Proyecto de Artes Esc\u00e9nicas del IES Bara\u00f1\u00e1in: <strong>\u00abTRAS EL TEL\u00d3N \/ OIHALAREN&nbsp;ATZEAN: Historias de una compa\u00f1\u00eda de teatro musical\u00bb<\/strong>.<\/p>\n\n\n\n<ul><li>D\u00eda y lugar:&nbsp;<strong>23 de mayo, viernes, en el Auditorio Bara\u00f1\u00e1in<\/strong>. Solo hay una \u00fanica representaci\u00f3n.&nbsp;<\/li><li>Hora:&nbsp;<strong>19:30 h.<\/strong><\/li><li>Precio:&nbsp;<strong>6,5 \u20ac la entrada<\/strong>.<\/li><li>Venta de entradas: <ul><li>en taquilla de mi\u00e9rcoles a viernes de 18:30 h. a 20:30 h. <\/li><li>v\u00eda web:&nbsp;<a rel=\"noreferrer noopener\" href=\"https:\/\/www.auditoriobaranain.com\/programacion\/tras-el-telon\/\" target=\"_blank\">https:\/\/www.auditoriobaranain.com\/programacion\/tras-el-telon\/<\/a><\/li><\/ul><\/li><\/ul>\n\n\n\n<div class=\"wp-block-image\"><figure class=\"aligncenter size-large\"><img loading=\"lazy\" width=\"724\" height=\"1024\" src=\"https:\/\/iesbaran.educacion.navarra.es\/web\/wp-content\/uploads\/2025\/05\/Cartel-Musical-Tras-el-telon.-IES-BARANAIN-2025-1-724x1024.jpg\" alt=\"\" class=\"wp-image-3954\" srcset=\"https:\/\/iesbaran.educacion.navarra.es\/web\/wp-content\/uploads\/2025\/05\/Cartel-Musical-Tras-el-telon.-IES-BARANAIN-2025-1-724x1024.jpg 724w, https:\/\/iesbaran.educacion.navarra.es\/web\/wp-content\/uploads\/2025\/05\/Cartel-Musical-Tras-el-telon.-IES-BARANAIN-2025-1-212x300.jpg 212w, https:\/\/iesbaran.educacion.navarra.es\/web\/wp-content\/uploads\/2025\/05\/Cartel-Musical-Tras-el-telon.-IES-BARANAIN-2025-1-768x1086.jpg 768w, https:\/\/iesbaran.educacion.navarra.es\/web\/wp-content\/uploads\/2025\/05\/Cartel-Musical-Tras-el-telon.-IES-BARANAIN-2025-1-1086x1536.jpg 1086w, https:\/\/iesbaran.educacion.navarra.es\/web\/wp-content\/uploads\/2025\/05\/Cartel-Musical-Tras-el-telon.-IES-BARANAIN-2025-1-1448x2048.jpg 1448w, https:\/\/iesbaran.educacion.navarra.es\/web\/wp-content\/uploads\/2025\/05\/Cartel-Musical-Tras-el-telon.-IES-BARANAIN-2025-1-50x71.jpg 50w, https:\/\/iesbaran.educacion.navarra.es\/web\/wp-content\/uploads\/2025\/05\/Cartel-Musical-Tras-el-telon.-IES-BARANAIN-2025-1-1600x2263.jpg 1600w, https:\/\/iesbaran.educacion.navarra.es\/web\/wp-content\/uploads\/2025\/05\/Cartel-Musical-Tras-el-telon.-IES-BARANAIN-2025-1.jpg 1697w\" sizes=\"(max-width: 724px) 100vw, 724px\" \/><\/figure><\/div>\n\n\n\n<p>Creemos que va a ser un buen musical en donde participa el alumnado de 4\u00ba ESO \u00abM\u00fasica\u00bb y 4\u00ba D.C., el de 1\u00ba de Bachiller del Proyecto de AAEE,&nbsp; alumnado de 2\u00ba bach. que hizo la optativa el curso pasado.<\/p>\n\n\n\n<p>Adem\u00e1s, este curso ha colaborado el alumnado de 4\u00ba ESO \u00abExpresi\u00f3n art\u00edstica\u00bb con la realizaci\u00f3n de parte del atrezzo.<\/p>\n\n\n\n<div class=\"wp-container-1 wp-block-buttons\">\n<div class=\"wp-block-button\"><a class=\"wp-block-button__link\" href=\"https:\/\/www.baranain.es\/noticias\/cultura-ies-baranain-nuevo-musical-del-ies-baranain-tras-el-telon-oihalaren-atzean\/\" target=\"_blank\" rel=\"noreferrer noopener\">noticia castellano<\/a><\/div>\n\n\n\n<div class=\"wp-block-button\"><a class=\"wp-block-button__link\" href=\"https:\/\/www.baranain.es\/eu\/noticias\/kultura-baranain-bhi-baranan-bhi-ren-musikal-berria-tras-el-telon-oihalaren-atzean\/\">berria euskaraz<\/a><\/div>\n<\/div>\n\n\n\n<p>Nuestro musical ha tenido su hueco en los principales peri\u00f3dicos navarros:<\/p>\n\n\n\n<figure class=\"wp-block-image size-large is-style-default\"><img loading=\"lazy\" width=\"1024\" height=\"864\" src=\"https:\/\/iesbaran.educacion.navarra.es\/web\/wp-content\/uploads\/2025\/05\/DN-Musical-IES-Baranain-1024x864.jpg\" alt=\"\" class=\"wp-image-4026\" srcset=\"https:\/\/iesbaran.educacion.navarra.es\/web\/wp-content\/uploads\/2025\/05\/DN-Musical-IES-Baranain-1024x864.jpg 1024w, https:\/\/iesbaran.educacion.navarra.es\/web\/wp-content\/uploads\/2025\/05\/DN-Musical-IES-Baranain-300x253.jpg 300w, https:\/\/iesbaran.educacion.navarra.es\/web\/wp-content\/uploads\/2025\/05\/DN-Musical-IES-Baranain-768x648.jpg 768w, https:\/\/iesbaran.educacion.navarra.es\/web\/wp-content\/uploads\/2025\/05\/DN-Musical-IES-Baranain-50x42.jpg 50w, https:\/\/iesbaran.educacion.navarra.es\/web\/wp-content\/uploads\/2025\/05\/DN-Musical-IES-Baranain.jpg 1080w\" sizes=\"(max-width: 1024px) 100vw, 1024px\" \/><figcaption>Art\u00edculo de Diario de Navarra <\/figcaption><\/figure>\n\n\n\n<div class=\"wp-block-image is-style-default\"><figure class=\"aligncenter size-large is-resized\"><img loading=\"lazy\" src=\"https:\/\/iesbaran.educacion.navarra.es\/web\/wp-content\/uploads\/2025\/05\/DNoticias-Musical-IES-Baranain-548x1024.jpg\" alt=\"\" class=\"wp-image-4027\" width=\"442\" height=\"833\"\/><figcaption>Art\u00edculo de Diario de Noticias<\/figcaption><\/figure><\/div>\n\n\n\n<div class=\"wp-container-2 wp-block-buttons\">\n<div class=\"wp-block-button\"><a class=\"wp-block-button__link\" href=\"https:\/\/www.noticiasdenavarra.com\/navarra\/comarca-de-pamplona\/2025\/05\/22\/nuevo-musical-ies-baranain-viernes-9669308.html\" target=\"_blank\" rel=\"noreferrer noopener\">web de d.noticias<\/a><\/div>\n<\/div>\n\n\n\n<div style=\"height:43px\" aria-hidden=\"true\" class=\"wp-block-spacer\"><\/div>\n\n\n\n<p>Montaje del musical 2024 \u00abBara\u00f1\u00e1in sonoro\u00bb:<\/p>\n\n\n\n<figure class=\"wp-block-embed is-type-video is-provider-youtube wp-block-embed-youtube wp-embed-aspect-16-9 wp-has-aspect-ratio\"><div class=\"wp-block-embed__wrapper\">\n<iframe loading=\"lazy\" title=\"&quot;BARA\u00d1\u00c1IN SONORO&quot; (Auditorio Bara\u00f1\u00e1in). IES BARA\u00d1\u00c1IN. Curso 23-24.\" width=\"500\" height=\"281\" src=\"https:\/\/www.youtube.com\/embed\/HT_NrEfOAqw?feature=oembed\" frameborder=\"0\" allow=\"accelerometer; autoplay; clipboard-write; encrypted-media; gyroscope; picture-in-picture; web-share\" referrerpolicy=\"strict-origin-when-cross-origin\" allowfullscreen><\/iframe>\n<\/div><\/figure>\n","protected":false},"excerpt":{"rendered":"<p>Ya est\u00e1n a la venta las entradas para el nuevo musical del Proyecto de Artes Esc\u00e9nicas del IES Bara\u00f1\u00e1in: \u00abTRAS EL TEL\u00d3N \/ OIHALAREN&nbsp;ATZEAN: Historias de una compa\u00f1\u00eda de teatro musical\u00bb. D\u00eda y lugar:&nbsp;23 de mayo, viernes, en el Auditorio Bara\u00f1\u00e1in. Solo hay una \u00fanica representaci\u00f3n.&nbsp; Hora:&nbsp;19:30 h. Precio:&nbsp;6,5 \u20ac la entrada. Venta de entradas: [&hellip;]<\/p>\n","protected":false},"author":1,"featured_media":3918,"comment_status":"open","ping_status":"open","sticky":false,"template":"","format":"standard","meta":{"_genesis_hide_title":false,"_genesis_hide_breadcrumbs":false,"_genesis_hide_singular_image":true,"_genesis_hide_footer_widgets":false,"_genesis_custom_body_class":"","_genesis_custom_post_class":"","_genesis_layout":""},"categories":[1],"tags":[],"featured_image_src":"https:\/\/iesbaran.educacion.navarra.es\/web\/wp-content\/uploads\/2025\/05\/250502-Cartel-Musical-Tras-el-telon.-IES-BARANAIN-2025-reducida-600x400.jpg","featured_image_src_square":"https:\/\/iesbaran.educacion.navarra.es\/web\/wp-content\/uploads\/2025\/05\/250502-Cartel-Musical-Tras-el-telon.-IES-BARANAIN-2025-reducida-600x600.jpg","author_info":{"display_name":"Administrador","author_link":"https:\/\/iesbaran.educacion.navarra.es\/web\/blog\/author\/iesbaranwpadmin\/"},"_links":{"self":[{"href":"https:\/\/iesbaran.educacion.navarra.es\/web\/wp-json\/wp\/v2\/posts\/3917"}],"collection":[{"href":"https:\/\/iesbaran.educacion.navarra.es\/web\/wp-json\/wp\/v2\/posts"}],"about":[{"href":"https:\/\/iesbaran.educacion.navarra.es\/web\/wp-json\/wp\/v2\/types\/post"}],"author":[{"embeddable":true,"href":"https:\/\/iesbaran.educacion.navarra.es\/web\/wp-json\/wp\/v2\/users\/1"}],"replies":[{"embeddable":true,"href":"https:\/\/iesbaran.educacion.navarra.es\/web\/wp-json\/wp\/v2\/comments?post=3917"}],"version-history":[{"count":7,"href":"https:\/\/iesbaran.educacion.navarra.es\/web\/wp-json\/wp\/v2\/posts\/3917\/revisions"}],"predecessor-version":[{"id":4029,"href":"https:\/\/iesbaran.educacion.navarra.es\/web\/wp-json\/wp\/v2\/posts\/3917\/revisions\/4029"}],"wp:featuredmedia":[{"embeddable":true,"href":"https:\/\/iesbaran.educacion.navarra.es\/web\/wp-json\/wp\/v2\/media\/3918"}],"wp:attachment":[{"href":"https:\/\/iesbaran.educacion.navarra.es\/web\/wp-json\/wp\/v2\/media?parent=3917"}],"wp:term":[{"taxonomy":"category","embeddable":true,"href":"https:\/\/iesbaran.educacion.navarra.es\/web\/wp-json\/wp\/v2\/categories?post=3917"},{"taxonomy":"post_tag","embeddable":true,"href":"https:\/\/iesbaran.educacion.navarra.es\/web\/wp-json\/wp\/v2\/tags?post=3917"}],"curies":[{"name":"wp","href":"https:\/\/api.w.org\/{rel}","templated":true}]}}