{"id":267,"date":"2020-08-03T16:27:01","date_gmt":"2020-08-03T14:27:01","guid":{"rendered":"https:\/\/iesbaran.educacion.navarra.es\/web\/?p=267"},"modified":"2020-11-19T13:10:05","modified_gmt":"2020-11-19T12:10:05","slug":"plan-de-contingencia-covid","status":"publish","type":"post","link":"https:\/\/iesbaran.educacion.navarra.es\/web\/blog\/2020\/08\/03\/plan-de-contingencia-covid\/","title":{"rendered":"Plan de contingencia COVID"},"content":{"rendered":"\n<p>Plan dise\u00f1ado por el centro  a partir de las instrucciones del Dpto. de Educaci\u00f3n<\/p>\n\n\n\n<figure class=\"wp-block-image size-large\"><img loading=\"lazy\" width=\"681\" height=\"959\" src=\"https:\/\/iesbaran.educacion.navarra.es\/web\/wp-content\/uploads\/2020\/08\/Plan01.jpg\" alt=\"\" class=\"wp-image-346\" srcset=\"https:\/\/iesbaran.educacion.navarra.es\/web\/wp-content\/uploads\/2020\/08\/Plan01.jpg 681w, https:\/\/iesbaran.educacion.navarra.es\/web\/wp-content\/uploads\/2020\/08\/Plan01-213x300.jpg 213w\" sizes=\"(max-width: 681px) 100vw, 681px\" \/><\/figure>\n\n\n\n<figure class=\"wp-block-image size-large\"><img loading=\"lazy\" width=\"678\" height=\"960\" src=\"https:\/\/iesbaran.educacion.navarra.es\/web\/wp-content\/uploads\/2020\/08\/Plan02.jpg\" alt=\"\" class=\"wp-image-347\" srcset=\"https:\/\/iesbaran.educacion.navarra.es\/web\/wp-content\/uploads\/2020\/08\/Plan02.jpg 678w, https:\/\/iesbaran.educacion.navarra.es\/web\/wp-content\/uploads\/2020\/08\/Plan02-212x300.jpg 212w\" sizes=\"(max-width: 678px) 100vw, 678px\" \/><\/figure>\n\n\n\n<figure class=\"wp-block-image size-large\"><img loading=\"lazy\" width=\"676\" height=\"959\" src=\"https:\/\/iesbaran.educacion.navarra.es\/web\/wp-content\/uploads\/2020\/08\/Plan03.jpg\" alt=\"\" class=\"wp-image-348\" srcset=\"https:\/\/iesbaran.educacion.navarra.es\/web\/wp-content\/uploads\/2020\/08\/Plan03.jpg 676w, https:\/\/iesbaran.educacion.navarra.es\/web\/wp-content\/uploads\/2020\/08\/Plan03-211x300.jpg 211w\" sizes=\"(max-width: 676px) 100vw, 676px\" \/><\/figure>\n\n\n\n<figure class=\"wp-block-image size-large\"><img loading=\"lazy\" width=\"678\" height=\"962\" src=\"https:\/\/iesbaran.educacion.navarra.es\/web\/wp-content\/uploads\/2020\/08\/Plan04.jpg\" alt=\"\" class=\"wp-image-349\" srcset=\"https:\/\/iesbaran.educacion.navarra.es\/web\/wp-content\/uploads\/2020\/08\/Plan04.jpg 678w, https:\/\/iesbaran.educacion.navarra.es\/web\/wp-content\/uploads\/2020\/08\/Plan04-211x300.jpg 211w\" sizes=\"(max-width: 678px) 100vw, 678px\" \/><\/figure>\n\n\n\n<div class=\"wp-block-file\"><a href=\"https:\/\/iesbaran.educacion.navarra.es\/web\/wp-content\/uploads\/2020\/08\/Resumen-Plan-de-contingencia-COVID-19-IES-Baranain.pdf\">Resumen-Plan-de-contingencia-COVID-19-IES-Baranain<\/a><a href=\"https:\/\/iesbaran.educacion.navarra.es\/web\/wp-content\/uploads\/2020\/08\/Resumen-Plan-de-contingencia-COVID-19-IES-Baranain.pdf\" class=\"wp-block-file__button\" download>Descarga<\/a><\/div>\n\n\n\n<hr class=\"wp-block-separator\"\/>\n\n\n\n<div class=\"wp-block-media-text alignwide is-stacked-on-mobile has-very-light-gray-to-cyan-bluish-gray-gradient-background has-background\" style=\"grid-template-columns:27% auto\"><figure class=\"wp-block-media-text__media\"><a href=\"https:\/\/drive.google.com\/file\/d\/1OOlJMlNuACdgkXzb8p4U-0iiUQQx2RRn\/view?usp=sharing\"><img loading=\"lazy\" width=\"1024\" height=\"1024\" src=\"https:\/\/iesbaran.educacion.navarra.es\/web\/wp-content\/uploads\/2020\/09\/united-nations-covid-19-response-a5occ9e7J7Y-unsplash-1024x1024.jpg\" alt=\"\" class=\"wp-image-403\" srcset=\"https:\/\/iesbaran.educacion.navarra.es\/web\/wp-content\/uploads\/2020\/09\/united-nations-covid-19-response-a5occ9e7J7Y-unsplash-1024x1024.jpg 1024w, https:\/\/iesbaran.educacion.navarra.es\/web\/wp-content\/uploads\/2020\/09\/united-nations-covid-19-response-a5occ9e7J7Y-unsplash-300x300.jpg 300w, https:\/\/iesbaran.educacion.navarra.es\/web\/wp-content\/uploads\/2020\/09\/united-nations-covid-19-response-a5occ9e7J7Y-unsplash-150x150.jpg 150w, https:\/\/iesbaran.educacion.navarra.es\/web\/wp-content\/uploads\/2020\/09\/united-nations-covid-19-response-a5occ9e7J7Y-unsplash-768x768.jpg 768w, https:\/\/iesbaran.educacion.navarra.es\/web\/wp-content\/uploads\/2020\/09\/united-nations-covid-19-response-a5occ9e7J7Y-unsplash-1536x1536.jpg 1536w, https:\/\/iesbaran.educacion.navarra.es\/web\/wp-content\/uploads\/2020\/09\/united-nations-covid-19-response-a5occ9e7J7Y-unsplash-1600x1600.jpg 1600w, https:\/\/iesbaran.educacion.navarra.es\/web\/wp-content\/uploads\/2020\/09\/united-nations-covid-19-response-a5occ9e7J7Y-unsplash-600x600.jpg 600w, https:\/\/iesbaran.educacion.navarra.es\/web\/wp-content\/uploads\/2020\/09\/united-nations-covid-19-response-a5occ9e7J7Y-unsplash.jpg 2000w\" sizes=\"(max-width: 1024px) 100vw, 1024px\" \/><\/a><\/figure><div class=\"wp-block-media-text__content\">\n<p class=\"has-large-font-size\"><a href=\"https:\/\/drive.google.com\/file\/d\/1OOlJMlNuACdgkXzb8p4U-0iiUQQx2RRn\/view?usp=sharing\" target=\"_blank\" rel=\"noreferrer noopener\">Plan de contingencia completo en pdf<\/a><\/p>\n\n\n\n<p>Actualizaci\u00f3n 12\/11\/20<\/p>\n<\/div><\/div>\n","protected":false},"excerpt":{"rendered":"<p>Plan dise\u00f1ado por el centro a partir de las instrucciones del Dpto. de Educaci\u00f3n Plan de contingencia completo en pdf Actualizaci\u00f3n 12\/11\/20<\/p>\n","protected":false},"author":1,"featured_media":87,"comment_status":"open","ping_status":"open","sticky":false,"template":"","format":"standard","meta":{"_genesis_hide_title":false,"_genesis_hide_breadcrumbs":false,"_genesis_hide_singular_image":false,"_genesis_hide_footer_widgets":false,"_genesis_custom_body_class":"","_genesis_custom_post_class":"","_genesis_layout":""},"categories":[1],"tags":[],"featured_image_src":"https:\/\/iesbaran.educacion.navarra.es\/web\/wp-content\/uploads\/2020\/05\/virus-4835301_1920.jpg","featured_image_src_square":"https:\/\/iesbaran.educacion.navarra.es\/web\/wp-content\/uploads\/2020\/05\/virus-4835301_1920.jpg","author_info":{"display_name":"Administrador","author_link":"https:\/\/iesbaran.educacion.navarra.es\/web\/blog\/author\/iesbaranwpadmin\/"},"_links":{"self":[{"href":"https:\/\/iesbaran.educacion.navarra.es\/web\/wp-json\/wp\/v2\/posts\/267"}],"collection":[{"href":"https:\/\/iesbaran.educacion.navarra.es\/web\/wp-json\/wp\/v2\/posts"}],"about":[{"href":"https:\/\/iesbaran.educacion.navarra.es\/web\/wp-json\/wp\/v2\/types\/post"}],"author":[{"embeddable":true,"href":"https:\/\/iesbaran.educacion.navarra.es\/web\/wp-json\/wp\/v2\/users\/1"}],"replies":[{"embeddable":true,"href":"https:\/\/iesbaran.educacion.navarra.es\/web\/wp-json\/wp\/v2\/comments?post=267"}],"version-history":[{"count":8,"href":"https:\/\/iesbaran.educacion.navarra.es\/web\/wp-json\/wp\/v2\/posts\/267\/revisions"}],"predecessor-version":[{"id":648,"href":"https:\/\/iesbaran.educacion.navarra.es\/web\/wp-json\/wp\/v2\/posts\/267\/revisions\/648"}],"wp:featuredmedia":[{"embeddable":true,"href":"https:\/\/iesbaran.educacion.navarra.es\/web\/wp-json\/wp\/v2\/media\/87"}],"wp:attachment":[{"href":"https:\/\/iesbaran.educacion.navarra.es\/web\/wp-json\/wp\/v2\/media?parent=267"}],"wp:term":[{"taxonomy":"category","embeddable":true,"href":"https:\/\/iesbaran.educacion.navarra.es\/web\/wp-json\/wp\/v2\/categories?post=267"},{"taxonomy":"post_tag","embeddable":true,"href":"https:\/\/iesbaran.educacion.navarra.es\/web\/wp-json\/wp\/v2\/tags?post=267"}],"curies":[{"name":"wp","href":"https:\/\/api.w.org\/{rel}","templated":true}]}}